[{"@context":"https:\/\/schema.org\/","@type":"Article","@id":"https:\/\/www.goldini.cz\/vytvorte-si-jarni-dekorativni-venec\/#Article","mainEntityOfPage":"https:\/\/www.goldini.cz\/vytvorte-si-jarni-dekorativni-venec\/","headline":"Vytvo\u0159te si jarn\u00ed dekorativn\u00ed v\u011bnec","name":"Vytvo\u0159te si jarn\u00ed dekorativn\u00ed v\u011bnec","description":"V\u011bnce zav\u011b\u0161ovan\u00e9 na dve\u0159e jsou obl\u00edbenou dekorac\u00ed, symbolizuj\u00edc\u00ed \u00factu k p\u0159\u00edrod\u011b a p\u0159irozen\u00fdm cykl\u016fm, kter\u00e9 v n\u00ed prob\u00edhaj\u00ed. Obvykle jde o dv\u011b ro\u010dn\u00ed obdob\u00ed, s nimi\u017e m\u00e1me spojen\u00e9 i sv\u00e1tky duchovn\u00ed, tedy V\u00e1noce a Velikonoce. Spojen\u00ed V\u00e1noc a p\u0159\u00edchodu zimn\u00edho slunovratu a Velikonoc s p\u0159\u00edchodem jara n\u00e1m z\u00e1rove\u0148 poskytuj\u00ed podv\u011bdomou informaci, \u017ee v zim\u011b se&#8230;<p class=\"more-link\"><a href=\"https:\/\/www.goldini.cz\/vytvorte-si-jarni-dekorativni-venec\/\" class=\"themebutton\">Read More<\/a><\/p>","datePublished":"2022-11-29","dateModified":"2022-11-29","author":{"@type":"Person","@id":"https:\/\/www.goldini.cz\/author\/#Person","name":"","url":"https:\/\/www.goldini.cz\/author\/","identifier":1,"image":{"@type":"ImageObject","@id":"https:\/\/secure.gravatar.com\/avatar\/e746f9a3ec3ffe02f5df809714d800d50faf9f4f5ba0a7962a5d8229603fd33b?s=96&d=mm&r=g","url":"https:\/\/secure.gravatar.com\/avatar\/e746f9a3ec3ffe02f5df809714d800d50faf9f4f5ba0a7962a5d8229603fd33b?s=96&d=mm&r=g","height":96,"width":96}},"publisher":{"@type":"Organization","name":"goldini.cz","logo":{"@type":"ImageObject","@id":"\/logo.png","url":"\/logo.png","width":600,"height":60}},"image":{"@type":"ImageObject","@id":"https:\/\/www.goldini.cz\/wp-content\/uploads\/flower-decoration-g4c386abbf_640.jpg","url":"https:\/\/www.goldini.cz\/wp-content\/uploads\/flower-decoration-g4c386abbf_640.jpg","height":0,"width":0},"url":"https:\/\/www.goldini.cz\/vytvorte-si-jarni-dekorativni-venec\/","about":["V\u00fdrobky"],"wordCount":456,"articleBody":"        V\u011bnce zav\u011b\u0161ovan\u00e9 na dve\u0159e jsou obl\u00edbenou dekorac\u00ed, symbolizuj\u00edc\u00ed \u00factu k p\u0159\u00edrod\u011b a p\u0159irozen\u00fdm cykl\u016fm, kter\u00e9 v n\u00ed prob\u00edhaj\u00ed. Obvykle jde o dv\u011b ro\u010dn\u00ed obdob\u00ed, s nimi\u017e m\u00e1me spojen\u00e9 i sv\u00e1tky duchovn\u00ed, tedy V\u00e1noce a Velikonoce. Spojen\u00ed V\u00e1noc a p\u0159\u00edchodu zimn\u00edho slunovratu a Velikonoc s p\u0159\u00edchodem jara n\u00e1m z\u00e1rove\u0148 poskytuj\u00ed podv\u011bdomou informaci, \u017ee v zim\u011b se ji\u017e kone\u010dn\u011b za\u010dne prodlu\u017eovat den a zkracovat noc, a na ja\u0159e lze v brzk\u00e9 dob\u011b o\u010dek\u00e1vat p\u0159\u00edchod tepl\u00e9ho po\u010das\u00ed a prvn\u00ed kvetouc\u00ed rostliny na luk\u00e1ch a v zahrad\u00e1ch.   Z\u00e1klad v\u011bnc\u016f m\u016f\u017ee b\u00fdt velmi r\u016fznorod\u00fd, mohou jej tvo\u0159it v\u011btvi\u010dky jehli\u010dnat\u00fdch \u010di listnat\u00fdch strom\u016f a ke\u0159\u016f, n\u011bkter\u00e9 v\u011bne\u010dky mohou b\u00fdt slam\u011bn\u00e9, p\u0159\u00edpadn\u011b zhotoven\u00e9 ze d\u0159eva nebo z prout\u00ed. V\u011bt\u0161inou se jedn\u00e1 o p\u0159\u00edrodn\u00ed materi\u00e1ly, i kdy\u017e se na trhu m\u016f\u017eete setkat i s v\u011bne\u010dky z polystyrenu. Rozm\u011bry (pr\u016fm\u011bry) v\u011bne\u010dk\u016f zav\u011b\u0161ovan\u00fdch na dve\u0159e b\u00fdvaj\u00ed obvykle men\u0161\u00ed, ne\u017e u v\u011bnc\u016f pokl\u00e1dan\u00fdch na st\u016fl, na podlahu nebo na lavici, zpravidla jde o pr\u016fm\u011br od deseti do t\u0159iceti centimetr\u016f, kdy se po\u010d\u00edt\u00e1 s t\u00edm, aby v\u011bnec nepokr\u00fdval celou plochu horn\u00ed \u010d\u00e1sti dve\u0159\u00ed a byl sp\u00ed\u0161e symbolickou p\u0159ipom\u00ednkou nadch\u00e1zej\u00edc\u00edho obdob\u00ed.  Jak v\u011bnec vyzdobit  V prvn\u00ed \u0159ad\u011b byste se mohli \u0159\u00eddit pravidlem? \u201eM\u00e9n\u011b je n\u011bkdy v\u00edce\u201c. Nep\u0159eh\u00e1n\u011bjte to s po\u010dtem ozdobn\u00fdch prvk\u016f, dob\u0159e vypad\u00e1, kdy\u017e nap\u0159. horn\u00ed \u010d\u00e1st v\u011bne\u010dku ponech\u00e1te v p\u016fvodn\u00ed podob\u011b spl\u00e9tan\u00e9ho prout\u00ed, a um\u00edst\u00edte na n\u00ed pouze jednu ozdobnou stu\u017eku. A v\u011bt\u0161inu v\u00fdzdoby soust\u0159ed\u00edte na doln\u00ed \u010d\u00e1st, kde za\u010dnete k prout\u00ed p\u0159ivazovat \u010di lepit vyfouknut\u00e1 k\u0159epel\u010d\u00ed vaj\u00ed\u010dka a dal\u0161\u00ed vhodn\u00e9 dekorace bu\u010f p\u0159\u00edrodn\u00ed, nebo um\u011bl\u00e9. Cena k\u0159epel\u010d\u00edch vaj\u00ed\u010dek je nav\u00edc velmi n\u00edzk\u00e1. K vaj\u00ed\u010dk\u016fm u prout\u011bn\u00fdch dekorac\u00ed se mohou hodit drobn\u00e9 jarn\u00ed kv\u011bty sedmikr\u00e1sek nebo narcis\u016f, kter\u00e9 mohou b\u00fdt um\u011bl\u00e9, nebo\u0165 dnes je mnoho um\u011bl\u00fdch kv\u011btin natolik v\u011brohodn\u00fdch, \u017ee to na prvn\u00ed zb\u011b\u017en\u00fd pohled ani nerozezn\u00e1te. Na z\u00e1v\u011br byste mohli spodn\u00ed \u010d\u00e1st dozdobit n\u011b\u010d\u00edm zelen\u00fdm, a to nap\u0159. bu\u010f um\u011bl\u00fdm buxusem, anebo \u017eiv\u00fdm, v podob\u011b n\u011bkolika ust\u0159i\u017een\u00fdch v\u011btvi\u010dek.                                                                                                                                                                                                                                                                                                                                                                                          4\/5 - (2 votes)        "},{"@context":"https:\/\/schema.org\/","@type":"BreadcrumbList","itemListElement":[{"@type":"ListItem","position":1,"name":"Vytvo\u0159te si jarn\u00ed dekorativn\u00ed v\u011bnec","item":"https:\/\/www.goldini.cz\/vytvorte-si-jarni-dekorativni-venec\/#breadcrumbitem"}]}]