[{"@context":"https:\/\/schema.org\/","@type":"Article","@id":"https:\/\/www.goldini.cz\/o-vyhodach-klicenek-na-krk\/#Article","mainEntityOfPage":"https:\/\/www.goldini.cz\/o-vyhodach-klicenek-na-krk\/","headline":"O v\u00fdhod\u00e1ch kl\u00ed\u010denek na krk","name":"O v\u00fdhod\u00e1ch kl\u00ed\u010denek na krk","description":"Kdy\u017e v\u00e1m chce n\u011bkdo nab\u00eddnout n\u011bco, o \u010dem je p\u0159esv\u011bd\u010den, \u017ee v\u00e1m poskytne mnoho pozitivn\u00edch emoc\u00ed, bude se sna\u017eit sv\u00fdmi slovy prezentovat danou v\u011bc v tom nejlep\u0161\u00edm sv\u011btle. Vyzdvihne z\u00e1sadn\u00ed p\u0159ednosti, ale nezapomene se tak\u00e9 zm\u00ednit o druh\u00e9 stran\u011b mince, aby to p\u016fsobilo v\u011brohodn\u011b a pravdiv\u011b. A \u010d\u00edm v\u011bt\u0161\u00ed pravdivost vtisknete sv\u00e9mu vyj\u00e1d\u0159en\u00ed, t\u00edm p\u0159esv\u011bd\u010div\u011bj\u0161\u00ed&#8230;<p class=\"more-link\"><a href=\"https:\/\/www.goldini.cz\/o-vyhodach-klicenek-na-krk\/\" class=\"themebutton\">Read More<\/a><\/p>","datePublished":"2023-12-17","dateModified":"2024-01-17","author":{"@type":"Person","@id":"https:\/\/www.goldini.cz\/author\/#Person","name":"","url":"https:\/\/www.goldini.cz\/author\/","identifier":1,"image":{"@type":"ImageObject","@id":"https:\/\/secure.gravatar.com\/avatar\/e746f9a3ec3ffe02f5df809714d800d50faf9f4f5ba0a7962a5d8229603fd33b?s=96&d=mm&r=g","url":"https:\/\/secure.gravatar.com\/avatar\/e746f9a3ec3ffe02f5df809714d800d50faf9f4f5ba0a7962a5d8229603fd33b?s=96&d=mm&r=g","height":96,"width":96}},"publisher":{"@type":"Organization","name":"goldini.cz","logo":{"@type":"ImageObject","@id":"\/logo.png","url":"\/logo.png","width":600,"height":60}},"image":{"@type":"ImageObject","@id":"https:\/\/www.goldini.cz\/wp-content\/uploads\/key-74534_640_1.jpg","url":"https:\/\/www.goldini.cz\/wp-content\/uploads\/key-74534_640_1.jpg","height":0,"width":0},"url":"https:\/\/www.goldini.cz\/o-vyhodach-klicenek-na-krk\/","about":["V\u00fdrobky"],"wordCount":460,"articleBody":"   Kdy\u017e v\u00e1m chce n\u011bkdo nab\u00eddnout n\u011bco, o \u010dem je p\u0159esv\u011bd\u010den, \u017ee v\u00e1m poskytne mnoho pozitivn\u00edch emoc\u00ed, bude se sna\u017eit sv\u00fdmi slovy prezentovat danou v\u011bc v tom nejlep\u0161\u00edm sv\u011btle. Vyzdvihne z\u00e1sadn\u00ed p\u0159ednosti, ale nezapomene se tak\u00e9 zm\u00ednit o druh\u00e9 stran\u011b mince, aby to p\u016fsobilo v\u011brohodn\u011b a pravdiv\u011b. A \u010d\u00edm v\u011bt\u0161\u00ed pravdivost vtisknete sv\u00e9mu vyj\u00e1d\u0159en\u00ed, t\u00edm p\u0159esv\u011bd\u010div\u011bj\u0161\u00ed v\u00fdsledek to bude m\u00edt.My bychom se nyn\u00ed r\u00e1di zam\u011b\u0159ili na kl\u00ed\u010denky na krk https:\/\/www.promodarky.cz\/kategorie\/reklamni-predmety\/klicenky\/klicenky-na-krk\/, s nimi\u017e se setk\u00e1v\u00e1me v ka\u017edodenn\u00edm \u017eivot\u011b p\u0159i pr\u00e1ci i odpo\u010dinku, p\u0159i sportu a relaxaci. Je to jeden z p\u0159edm\u011bt\u016f, nepostradateln\u00fdch pro d\u011bti i pro dosp\u011bl\u00e9 a sv\u00fdm zp\u016fsobem nahrazuje neohraban\u00e9 ta\u0161ky, pouzdra, krou\u017eky a karabiny.Krou\u017eek a karabina \u2013 kl\u00ed\u010de zav\u011b\u0161ovan\u00e9 na karabinu z eloxovan\u00e9ho hlin\u00edku za p\u00e1skov\u00e1 poutka kalhot vypadaj\u00ed sice efektn\u011b a m\u00e1te je p\u011bkn\u011b p\u0159i ruce, jen\u017ee st\u00e1v\u00e1 se, \u017ee se poutko vyp\u00e1r\u00e1 ze \u0161vu a kl\u00ed\u010de pak snadno ztrat\u00edte. V\u0161imnete si toho a\u017e doma p\u0159ed vchodem, kdy chcete odemknout byt. Pr\u016f\u0161vih, co? S kl\u00ed\u010denkou na krk v podob\u011b pevn\u00e9 \u0161\u0148\u016frky se v\u00e1m to nestane.Krk \u2013 kdy\u017e se \u0159ekne \u201em\u00edt n\u011bkoho na krku\u201c, je v\u00e1m jasn\u00e9, co to obn\u00e1\u0161\u00ed. Je to pochopiteln\u011b jen obrazn\u00fd term\u00edn, ale perfektn\u011b vystihuje tu jasnou z\u00e1vislost a pevn\u00e9 spojen\u00ed. Se \u0161\u0148\u016frkou na krku je to podobn\u00e9, m\u00e1te ji zav\u011b\u0161enou na hrudi a museli byste oslova (nikoli obrazn\u011b) ztratit hlavu, abyste p\u0159i\u0161li o spojen\u00ed se sv\u00fdmi kl\u00ed\u010di. Proto se tak\u00e9 d\u011btem nej\u010dast\u011bji d\u00e1v\u00e1 kl\u00ed\u010d na krk, proto\u017ee po kaps\u00e1ch je sp\u00ed\u0161e n\u011bkde vytrat\u00ed, ale na krku se jim to obvykle nepoda\u0159\u00ed, a mnohdy ani p\u0159i n\u00e1ro\u010dn\u00e9m pohybov\u00e9m rozsahu jejich skota\u010den\u00ed.Barva \u0161\u0148\u016frky \u2013 \u010d\u00edm v\u00fdrazn\u011bj\u0161\u00ed barva, t\u00edm l\u00e9pe. Ide\u00e1ln\u00ed jsou neonov\u00e9 odst\u00edny zelen\u00e9 a \u017elut\u00e9, skv\u011bl\u00e1 je i \u010derven\u00e1, tu jen tak nep\u0159ehl\u00e9dnete. A odlo\u017e\u00edte-li zrovna kl\u00ed\u010de i se \u0161\u0148\u016frkou na st\u016fl, budou patrn\u00e9 i ze vzd\u00e1lenosti dvaceti metr\u016f. A to jist\u011b ocen\u00edte i p\u0159i pr\u00e1ci v kancel\u00e1\u0159i, kde b\u00fdv\u00e1 docela \u0161rumec, a kl\u00ed\u010de se tu a tam ocitaj\u00ed v m\u00edstech, kde to nen\u00ed moc obvykl\u00e9, nap\u0159\u00edklad u k\u00e1vovaru ve firemn\u00ed kuchy\u0148ce p\u0159i p\u0159\u00edprav\u011b k\u00e1vy.                                                                                                                                                                                                                                                                                                                                                                                          4.2\/5 - (4 votes)        "},{"@context":"https:\/\/schema.org\/","@type":"BreadcrumbList","itemListElement":[{"@type":"ListItem","position":1,"name":"O v\u00fdhod\u00e1ch kl\u00ed\u010denek na krk","item":"https:\/\/www.goldini.cz\/o-vyhodach-klicenek-na-krk\/#breadcrumbitem"}]}]